{"id":5159,"date":"2021-05-21T17:01:27","date_gmt":"2021-05-21T15:01:27","guid":{"rendered":"https:\/\/www.croisierenet.com\/blog-voyage\/?p=5159"},"modified":"2022-06-15T12:16:21","modified_gmt":"2022-06-15T10:16:21","slug":"costa-luminosa-reprend-croisieres-en-grece-et-adriatique","status":"publish","type":"post","link":"https:\/\/www.croisierenet.com\/blog-voyage\/costa-luminosa-reprend-croisieres-en-grece-et-adriatique\/","title":{"rendered":"Reprise des croisi\u00e8res pour le Costa Luminosa en Gr\u00e8ce et dans l\u2019Adriatique"},"content":{"rendered":"\n<p style=\"font-size:22px\">La compagnie Costa Croisi\u00e8res a repris la mer avec deux navires, dont le Costa Luminosa, \u00e0 destination de la Gr\u00e8ce et de la mer Adriatique. Deux autres navires de la compagnie vont ensuite reprendre du service pour cette saison estivale.<\/p>\n\n\n\n<h2>Reprise de la mer pour Costa Croisi\u00e8res<\/h2>\n\n\n\n<p>La compagnie Costa Croisi\u00e8res a annonc\u00e9 \u00e0 la mi-mai 2021 la reprise des croisi\u00e8res pour <a href=\"https:\/\/www.croisierenet.com\/comp_2\/croisiere\/croisieres\/costa-croisieres\/costa-luminosa\/414\/bateau.html\">le Costa Luminosa<\/a>. Il s\u2019agit du premier bateau de la compagnie \u00e0 reprendre les croisi\u00e8res en mer Adriatique et en Gr\u00e8ce. <\/p>\n\n\n\n<p>C\u2019est \u00e9galement le second navire de Costa Croisi\u00e8res \u00e0 reprendre du service en 2021. Deux autres navires vont suivre pour avoir au total quatre paquebots en service pour les croisi\u00e8res de la saison estivale 2021.<\/p>\n\n\n\n<p>La reprise des croisi\u00e8res pour le Costa Luminosa a \u00e9t\u00e9 c\u00e9l\u00e9br\u00e9e en Italie \u00e0 <a href=\"https:\/\/www.croisierenet.com\/ports\/1349\/italie\/croisiere-trieste.html\">Trieste<\/a>. Pour cet \u00e9v\u00e9nement tant attendu, de nombreuses personnalit\u00e9s \u00e9taient pr\u00e9sentes. Parmi elles, Mario Zanetti qui est le pr\u00e9sident de Costa Croisi\u00e8res, mais aussi le maire de Trieste Roberto Dipiazza, Pierpaolo Roberti le conseiller r\u00e9gional, Vincenzo Vitale le capitaine des garde-c\u00f4tes de Trieste et aussi Francesco Mariani le PDG du terminal passagers de Trieste.<\/p>\n\n\n\n<p>Le retour en mer de Costa Croisi\u00e8res s\u2019est effectu\u00e9 le 1er mai 2021 avec le Costa Smeralda. Il a pris la mer \u00e0 Savone, pour un voyage exclusivement ax\u00e9 sur l\u2019Italie. Puis, apr\u00e8s le Smeralda c\u2019est le Costa Luminosa qui a donc repris du service \u00e0 la mi-mai 2021.<\/p>\n\n\n\n<div class=\"wp-container-1 wp-block-buttons\">\n<div class=\"wp-block-button has-custom-font-size has-large-font-size\"><a class=\"wp-block-button__link has-background\" href=\"https:\/\/www.croisierenet.com\/comp_2\/croisiere\/croisieres\/costa-croisieres\/index.html\" style=\"border-radius:11px;background-color:#0e9310\">Voir les offres de r\u00e9duction de<br>Costa Croisi\u00e8res<\/a><\/div>\n<\/div>\n\n\n\n<p><\/p>\n\n\n\n<h2>Communiqu\u00e9 du pr\u00e9sident de Costa Croisi\u00e8res<\/h2>\n\n\n\n<p>\u00ab\u00a0Avec le red\u00e9marrage du Costa Luminosa, nous ramenons enfin les croisi\u00e8res en mer Adriatique et en Gr\u00e8ce, l&rsquo;une des destinations touristiques les plus populaires d&rsquo;Europe, et nous relan\u00e7ons un secteur d&rsquo;une grande importance pour l&rsquo;\u00e9conomie de nombreux pays europ\u00e9ens, dont l&rsquo;Italie, ainsi que pour la partie orientale de la M\u00e9diterran\u00e9e\u00a0\u00bb, a d\u00e9clar\u00e9 Mario Zanetti. <\/p>\n\n\n\n<p>\u00ab\u00a0Pour illustrer l&rsquo;importance de ce red\u00e9marrage, avant la pause caus\u00e9e par la pand\u00e9mie, notre entreprise g\u00e9n\u00e9rait un impact \u00e9conomique annuel de pr\u00e8s de 13 milliards d&rsquo;euros en Europe, cr\u00e9ant plus de 63 000 emplois. Nous sommes particuli\u00e8rement heureux de reprendre nos activit\u00e9s depuis Trieste, une ville qui nous a toujours chaleureusement accueillis et qui sera le port d&rsquo;attache de Costa Luminosa non seulement cette ann\u00e9e, mais aussi en 2022. Nous regardons l&rsquo;avenir avec optimisme et nous travaillons \u00e0 rendre Trieste encore plus strat\u00e9gique pour les croisi\u00e8res, en favorisant un d\u00e9veloppement durable et une exp\u00e9rience client de qualit\u00e9\u00a0\u00bb.<\/p>\n\n\n\n<h2>Programme des croisi\u00e8res Costa pour la saison estivale<\/h2>\n\n\n\n<p>Pour cette belle reprise des croisi\u00e8res, le Costa Luminosa fera escale \u00e0 Bari, chef-lieu des Pouilles, dans le sud de l\u2019Italie. Et pour admirer les plus beaux paysages et les plus beaux sites de Gr\u00e8ce, quatre escales inoubliables sont au programme : Ath\u00e8nes, Corfou, Mykonos et Katakolon\/Olympia. Cet itin\u00e9raire sera propos\u00e9 durant toute la saison estivale et une partie de l\u2019automne, jusqu\u2019en novembre 2021. Au total 27 croisi\u00e8res seront propos\u00e9es durant cette p\u00e9riode, entre l\u2019Italie, la mer Adriatique et la Gr\u00e8ce.<\/p>\n\n\n\n<p>Deux navires ont donc d\u00e9j\u00e0 repris la mer, le Costa Smeralda et le Costa Luminosa. Suivra un troisi\u00e8me bateau le 26 juin, le Costa Deliziosa pour une croisi\u00e8re d\u2019une semaine en Gr\u00e8ce. <\/p>\n\n\n\n<p>Enfin, le quatri\u00e8me paquebot, le fameux Costa Firenze, nouveau bateau magnifique d\u00e9cor\u00e9 sur le th\u00e8me de la Renaissance Florentine, effectuera des travers\u00e9es italiennes d\u2019une semaine. Par ailleurs, d\u00e8s le 3 juillet 2021, le Costa Smeralda reprendra les croisi\u00e8res internationales avec des escales en Italie, France et Espagne.<\/p>\n\n\n\n<p>Costa Croisi\u00e8res a aussi pr\u00e9vu de belles nouveaut\u00e9s pour cette reprise des croisi\u00e8res. Ainsi, les voyageurs auront le plaisir de d\u00e9couvrir un nouveau programme d\u2019excursions en exclusivit\u00e9 pour les clients Costa, pour des visites uniques, hors des sentiers battus. <\/p>\n\n\n\n<p>Et au niveau culinaire des menus vari\u00e9s seront propos\u00e9s, avec des sp\u00e9cialit\u00e9s et plats typiques des r\u00e9gions visit\u00e9es.<\/p>\n\n\n\n<h2>Mesures de s\u00e9curit\u00e9 sur le Costa Luminosa<\/h2>\n\n\n\n<p>Pour ce grand retour en mer et dans le cadre de la protection contre la COVID-19, des mesures strictes ont \u00e9t\u00e9 prises. Afin de garantir la s\u00e9curit\u00e9 des passagers, du personnel et des personnes \u00e0 terre, un protocole de s\u00e9curit\u00e9 Costa a \u00e9t\u00e9 mis en place. Ce protocole a \u00e9t\u00e9 \u00e9labor\u00e9 par la compagnie avec des experts scientifiques et les autorit\u00e9s italiennes.<\/p>\n\n\n\n<p><a href=\"https:\/\/www.croisieres.fr\/blog-voyage\/croisieres-et-coronavirus-quelles-sont-les-mesures-prises-par-les-compagnies\/#1-costa-croisi%C3%A8res-et-le-covid\">Parmi ces mesures de s\u00e9curit\u00e9<\/a>, on peut observer une r\u00e9duction du nombre de personnes \u00e0 bord, des tests par \u00e9couvillonnage avant l\u2019embarquement et \u00e0 moiti\u00e9 de la croisi\u00e8re, test avant embarquement et ensuite r\u00e9guli\u00e8rement \u00e0 bord pour le personnel, contr\u00f4les de temp\u00e9rature, visites \u00e0 terre s\u00e9curis\u00e9es, distanciation sociale, am\u00e9lioration des services sanitaires et m\u00e9dicaux&#8230;<\/p>\n","protected":false},"excerpt":{"rendered":"<p>La compagnie Costa Croisi\u00e8res a repris la mer avec deux navires, dont le Costa Luminosa, \u00e0 destination de la Gr\u00e8ce et de la mer Adriatique. Deux autres navires de la compagnie vont ensuite reprendre du service pour cette saison estivale. Reprise de la mer pour Costa Croisi\u00e8res La compagnie Costa Croisi\u00e8res a annonc\u00e9 \u00e0 la [&hellip;]<\/p>\n","protected":false},"author":8,"featured_media":5252,"comment_status":"open","ping_status":"closed","sticky":false,"template":"","format":"standard","meta":[],"categories":[262],"tags":[311],"yoast_head":"<!-- This site is optimized with the Yoast SEO plugin v20.0 - https:\/\/yoast.com\/wordpress\/plugins\/seo\/ -->\n<title>Le Costa Luminosa reprend la mer en Gr\u00e8ce et dans l\u2019Adriatique<\/title>\n<meta name=\"robots\" content=\"index, follow, max-snippet:-1, max-image-preview:large, max-video-preview:-1\" \/>\n<link rel=\"canonical\" href=\"https:\/\/www.croisierenet.com\/blog-voyage\/costa-luminosa-reprend-croisieres-en-grece-et-adriatique\/\" \/>\n<meta property=\"og:locale\" content=\"fr_FR\" \/>\n<meta property=\"og:type\" content=\"article\" \/>\n<meta property=\"og:title\" content=\"Le Costa Luminosa reprend la mer en Gr\u00e8ce et dans l\u2019Adriatique\" \/>\n<meta property=\"og:description\" content=\"La compagnie Costa Croisi\u00e8res a repris la mer avec deux navires, dont le Costa Luminosa, \u00e0 destination de la Gr\u00e8ce et de la mer Adriatique. Deux autres navires de la compagnie vont ensuite reprendre du service pour cette saison estivale. Reprise de la mer pour Costa Croisi\u00e8res La compagnie Costa Croisi\u00e8res a annonc\u00e9 \u00e0 la [&hellip;]\" \/>\n<meta property=\"og:url\" content=\"https:\/\/www.croisierenet.com\/blog-voyage\/costa-luminosa-reprend-croisieres-en-grece-et-adriatique\/\" \/>\n<meta property=\"og:site_name\" content=\"Blog de Croisierenet.com\" \/>\n<meta property=\"article:published_time\" content=\"2021-05-21T15:01:27+00:00\" \/>\n<meta property=\"article:modified_time\" content=\"2022-06-15T10:16:21+00:00\" \/>\n<meta property=\"og:image\" content=\"https:\/\/www.croisierenet.com\/blog-voyage\/wp-content\/uploads\/2021\/05\/costa-luminosa.jpg\" \/>\n\t<meta property=\"og:image:width\" content=\"1001\" \/>\n\t<meta property=\"og:image:height\" content=\"422\" \/>\n\t<meta property=\"og:image:type\" content=\"image\/jpeg\" \/>\n<meta name=\"author\" content=\"Lucas\" \/>\n<meta name=\"twitter:card\" content=\"summary_large_image\" \/>\n<meta name=\"twitter:site\" content=\"@pcorrenti\" \/>\n<meta name=\"twitter:label1\" content=\"\u00c9crit par\" \/>\n\t<meta name=\"twitter:data1\" content=\"Lucas\" \/>\n\t<meta name=\"twitter:label2\" content=\"Dur\u00e9e de lecture estim\u00e9e\" \/>\n\t<meta name=\"twitter:data2\" content=\"4 minutes\" \/>\n<script type=\"application\/ld+json\" class=\"yoast-schema-graph\">{\"@context\":\"https:\/\/schema.org\",\"@graph\":[{\"@type\":\"Article\",\"@id\":\"https:\/\/www.croisierenet.com\/blog-voyage\/costa-luminosa-reprend-croisieres-en-grece-et-adriatique\/#article\",\"isPartOf\":{\"@id\":\"https:\/\/www.croisierenet.com\/blog-voyage\/costa-luminosa-reprend-croisieres-en-grece-et-adriatique\/\"},\"author\":{\"name\":\"Lucas\",\"@id\":\"https:\/\/www.croisierenet.com\/blog-voyage\/#\/schema\/person\/8a289a048130d0e770a150675c1607b8\"},\"headline\":\"Reprise des croisi\u00e8res pour le Costa Luminosa en Gr\u00e8ce et dans l\u2019Adriatique\",\"datePublished\":\"2021-05-21T15:01:27+00:00\",\"dateModified\":\"2022-06-15T10:16:21+00:00\",\"mainEntityOfPage\":{\"@id\":\"https:\/\/www.croisierenet.com\/blog-voyage\/costa-luminosa-reprend-croisieres-en-grece-et-adriatique\/\"},\"wordCount\":841,\"commentCount\":0,\"publisher\":{\"@id\":\"https:\/\/www.croisierenet.com\/blog-voyage\/#\/schema\/person\/26d5b22c75f37a0bdf1785dd30d38725\"},\"keywords\":[\"compagnie costa croisieres\"],\"articleSection\":[\"Cap sur les actus\"],\"inLanguage\":\"fr-FR\",\"potentialAction\":[{\"@type\":\"CommentAction\",\"name\":\"Comment\",\"target\":[\"https:\/\/www.croisierenet.com\/blog-voyage\/costa-luminosa-reprend-croisieres-en-grece-et-adriatique\/#respond\"]}]},{\"@type\":\"WebPage\",\"@id\":\"https:\/\/www.croisierenet.com\/blog-voyage\/costa-luminosa-reprend-croisieres-en-grece-et-adriatique\/\",\"url\":\"https:\/\/www.croisierenet.com\/blog-voyage\/costa-luminosa-reprend-croisieres-en-grece-et-adriatique\/\",\"name\":\"Le Costa Luminosa reprend la mer en Gr\u00e8ce et dans l\u2019Adriatique\",\"isPartOf\":{\"@id\":\"https:\/\/www.croisierenet.com\/blog-voyage\/#website\"},\"datePublished\":\"2021-05-21T15:01:27+00:00\",\"dateModified\":\"2022-06-15T10:16:21+00:00\",\"breadcrumb\":{\"@id\":\"https:\/\/www.croisierenet.com\/blog-voyage\/costa-luminosa-reprend-croisieres-en-grece-et-adriatique\/#breadcrumb\"},\"inLanguage\":\"fr-FR\",\"potentialAction\":[{\"@type\":\"ReadAction\",\"target\":[\"https:\/\/www.croisierenet.com\/blog-voyage\/costa-luminosa-reprend-croisieres-en-grece-et-adriatique\/\"]}]},{\"@type\":\"BreadcrumbList\",\"@id\":\"https:\/\/www.croisierenet.com\/blog-voyage\/costa-luminosa-reprend-croisieres-en-grece-et-adriatique\/#breadcrumb\",\"itemListElement\":[{\"@type\":\"ListItem\",\"position\":1,\"name\":\"Home\",\"item\":\"https:\/\/www.croisierenet.com\/blog-voyage\/\"},{\"@type\":\"ListItem\",\"position\":2,\"name\":\"Reprise des croisi\u00e8res pour le Costa Luminosa en Gr\u00e8ce et dans l\u2019Adriatique\"}]},{\"@type\":\"WebSite\",\"@id\":\"https:\/\/www.croisierenet.com\/blog-voyage\/#website\",\"url\":\"https:\/\/www.croisierenet.com\/blog-voyage\/\",\"name\":\"Blog de Croisierenet.com\",\"description\":\"Tout savoir sur les croisi\u00e8res en 2023 - 2024\",\"publisher\":{\"@id\":\"https:\/\/www.croisierenet.com\/blog-voyage\/#\/schema\/person\/26d5b22c75f37a0bdf1785dd30d38725\"},\"potentialAction\":[{\"@type\":\"SearchAction\",\"target\":{\"@type\":\"EntryPoint\",\"urlTemplate\":\"https:\/\/www.croisierenet.com\/blog-voyage\/?s={search_term_string}\"},\"query-input\":\"required name=search_term_string\"}],\"inLanguage\":\"fr-FR\"},{\"@type\":[\"Person\",\"Organization\"],\"@id\":\"https:\/\/www.croisierenet.com\/blog-voyage\/#\/schema\/person\/26d5b22c75f37a0bdf1785dd30d38725\",\"name\":\"Prescilia Correnti\",\"image\":{\"@type\":\"ImageObject\",\"inLanguage\":\"fr-FR\",\"@id\":\"https:\/\/www.croisierenet.com\/blog-voyage\/#\/schema\/person\/image\/\",\"url\":\"https:\/\/www.croisierenet.com\/blog-voyage\/wp-content\/uploads\/2020\/01\/8cb7cf684a4e4dcf9af3005f8c572fda.jpeg\",\"contentUrl\":\"https:\/\/www.croisierenet.com\/blog-voyage\/wp-content\/uploads\/2020\/01\/8cb7cf684a4e4dcf9af3005f8c572fda.jpeg\",\"width\":150,\"height\":150,\"caption\":\"Prescilia Correnti\"},\"logo\":{\"@id\":\"https:\/\/www.croisierenet.com\/blog-voyage\/#\/schema\/person\/image\/\"},\"sameAs\":[\"https:\/\/twitter.com\/pcorrenti\"]},{\"@type\":\"Person\",\"@id\":\"https:\/\/www.croisierenet.com\/blog-voyage\/#\/schema\/person\/8a289a048130d0e770a150675c1607b8\",\"name\":\"Lucas\",\"image\":{\"@type\":\"ImageObject\",\"inLanguage\":\"fr-FR\",\"@id\":\"https:\/\/www.croisierenet.com\/blog-voyage\/#\/schema\/person\/image\/\",\"url\":\"https:\/\/secure.gravatar.com\/avatar\/d2374491524146832ab565bd508f29a7?s=96&d=mm&r=g\",\"contentUrl\":\"https:\/\/secure.gravatar.com\/avatar\/d2374491524146832ab565bd508f29a7?s=96&d=mm&r=g\",\"caption\":\"Lucas\"},\"description\":\"Moi c'est Lucas, je suis un grand passionn\u00e9 de croisi\u00e8re. Aujourd'hui, je partage mes connaissances et mon exp\u00e9rience pour que vous puissiez \u00eatre inspir\u00e9 pour vos prochaines vacances sur un bateau de croisi\u00e8re. De la m\u00e9diterran\u00e9e jusqu'\u00e0 la banquise de Spitzberg, retrouvez mes nombreux conseils pour une croisi\u00e8re r\u00e9ussie.\"}]}<\/script>\n<!-- \/ Yoast SEO plugin. -->","yoast_head_json":{"title":"Le Costa Luminosa reprend la mer en Gr\u00e8ce et dans l\u2019Adriatique","robots":{"index":"index","follow":"follow","max-snippet":"max-snippet:-1","max-image-preview":"max-image-preview:large","max-video-preview":"max-video-preview:-1"},"canonical":"https:\/\/www.croisierenet.com\/blog-voyage\/costa-luminosa-reprend-croisieres-en-grece-et-adriatique\/","og_locale":"fr_FR","og_type":"article","og_title":"Le Costa Luminosa reprend la mer en Gr\u00e8ce et dans l\u2019Adriatique","og_description":"La compagnie Costa Croisi\u00e8res a repris la mer avec deux navires, dont le Costa Luminosa, \u00e0 destination de la Gr\u00e8ce et de la mer Adriatique. Deux autres navires de la compagnie vont ensuite reprendre du service pour cette saison estivale. Reprise de la mer pour Costa Croisi\u00e8res La compagnie Costa Croisi\u00e8res a annonc\u00e9 \u00e0 la [&hellip;]","og_url":"https:\/\/www.croisierenet.com\/blog-voyage\/costa-luminosa-reprend-croisieres-en-grece-et-adriatique\/","og_site_name":"Blog de Croisierenet.com","article_published_time":"2021-05-21T15:01:27+00:00","article_modified_time":"2022-06-15T10:16:21+00:00","og_image":[{"width":1001,"height":422,"url":"https:\/\/www.croisierenet.com\/blog-voyage\/wp-content\/uploads\/2021\/05\/costa-luminosa.jpg","type":"image\/jpeg"}],"author":"Lucas","twitter_card":"summary_large_image","twitter_site":"@pcorrenti","twitter_misc":{"\u00c9crit par":"Lucas","Dur\u00e9e de lecture estim\u00e9e":"4 minutes"},"schema":{"@context":"https:\/\/schema.org","@graph":[{"@type":"Article","@id":"https:\/\/www.croisierenet.com\/blog-voyage\/costa-luminosa-reprend-croisieres-en-grece-et-adriatique\/#article","isPartOf":{"@id":"https:\/\/www.croisierenet.com\/blog-voyage\/costa-luminosa-reprend-croisieres-en-grece-et-adriatique\/"},"author":{"name":"Lucas","@id":"https:\/\/www.croisierenet.com\/blog-voyage\/#\/schema\/person\/8a289a048130d0e770a150675c1607b8"},"headline":"Reprise des croisi\u00e8res pour le Costa Luminosa en Gr\u00e8ce et dans l\u2019Adriatique","datePublished":"2021-05-21T15:01:27+00:00","dateModified":"2022-06-15T10:16:21+00:00","mainEntityOfPage":{"@id":"https:\/\/www.croisierenet.com\/blog-voyage\/costa-luminosa-reprend-croisieres-en-grece-et-adriatique\/"},"wordCount":841,"commentCount":0,"publisher":{"@id":"https:\/\/www.croisierenet.com\/blog-voyage\/#\/schema\/person\/26d5b22c75f37a0bdf1785dd30d38725"},"keywords":["compagnie costa croisieres"],"articleSection":["Cap sur les actus"],"inLanguage":"fr-FR","potentialAction":[{"@type":"CommentAction","name":"Comment","target":["https:\/\/www.croisierenet.com\/blog-voyage\/costa-luminosa-reprend-croisieres-en-grece-et-adriatique\/#respond"]}]},{"@type":"WebPage","@id":"https:\/\/www.croisierenet.com\/blog-voyage\/costa-luminosa-reprend-croisieres-en-grece-et-adriatique\/","url":"https:\/\/www.croisierenet.com\/blog-voyage\/costa-luminosa-reprend-croisieres-en-grece-et-adriatique\/","name":"Le Costa Luminosa reprend la mer en Gr\u00e8ce et dans l\u2019Adriatique","isPartOf":{"@id":"https:\/\/www.croisierenet.com\/blog-voyage\/#website"},"datePublished":"2021-05-21T15:01:27+00:00","dateModified":"2022-06-15T10:16:21+00:00","breadcrumb":{"@id":"https:\/\/www.croisierenet.com\/blog-voyage\/costa-luminosa-reprend-croisieres-en-grece-et-adriatique\/#breadcrumb"},"inLanguage":"fr-FR","potentialAction":[{"@type":"ReadAction","target":["https:\/\/www.croisierenet.com\/blog-voyage\/costa-luminosa-reprend-croisieres-en-grece-et-adriatique\/"]}]},{"@type":"BreadcrumbList","@id":"https:\/\/www.croisierenet.com\/blog-voyage\/costa-luminosa-reprend-croisieres-en-grece-et-adriatique\/#breadcrumb","itemListElement":[{"@type":"ListItem","position":1,"name":"Home","item":"https:\/\/www.croisierenet.com\/blog-voyage\/"},{"@type":"ListItem","position":2,"name":"Reprise des croisi\u00e8res pour le Costa Luminosa en Gr\u00e8ce et dans l\u2019Adriatique"}]},{"@type":"WebSite","@id":"https:\/\/www.croisierenet.com\/blog-voyage\/#website","url":"https:\/\/www.croisierenet.com\/blog-voyage\/","name":"Blog de Croisierenet.com","description":"Tout savoir sur les croisi\u00e8res en 2023 - 2024","publisher":{"@id":"https:\/\/www.croisierenet.com\/blog-voyage\/#\/schema\/person\/26d5b22c75f37a0bdf1785dd30d38725"},"potentialAction":[{"@type":"SearchAction","target":{"@type":"EntryPoint","urlTemplate":"https:\/\/www.croisierenet.com\/blog-voyage\/?s={search_term_string}"},"query-input":"required name=search_term_string"}],"inLanguage":"fr-FR"},{"@type":["Person","Organization"],"@id":"https:\/\/www.croisierenet.com\/blog-voyage\/#\/schema\/person\/26d5b22c75f37a0bdf1785dd30d38725","name":"Prescilia Correnti","image":{"@type":"ImageObject","inLanguage":"fr-FR","@id":"https:\/\/www.croisierenet.com\/blog-voyage\/#\/schema\/person\/image\/","url":"https:\/\/www.croisierenet.com\/blog-voyage\/wp-content\/uploads\/2020\/01\/8cb7cf684a4e4dcf9af3005f8c572fda.jpeg","contentUrl":"https:\/\/www.croisierenet.com\/blog-voyage\/wp-content\/uploads\/2020\/01\/8cb7cf684a4e4dcf9af3005f8c572fda.jpeg","width":150,"height":150,"caption":"Prescilia Correnti"},"logo":{"@id":"https:\/\/www.croisierenet.com\/blog-voyage\/#\/schema\/person\/image\/"},"sameAs":["https:\/\/twitter.com\/pcorrenti"]},{"@type":"Person","@id":"https:\/\/www.croisierenet.com\/blog-voyage\/#\/schema\/person\/8a289a048130d0e770a150675c1607b8","name":"Lucas","image":{"@type":"ImageObject","inLanguage":"fr-FR","@id":"https:\/\/www.croisierenet.com\/blog-voyage\/#\/schema\/person\/image\/","url":"https:\/\/secure.gravatar.com\/avatar\/d2374491524146832ab565bd508f29a7?s=96&d=mm&r=g","contentUrl":"https:\/\/secure.gravatar.com\/avatar\/d2374491524146832ab565bd508f29a7?s=96&d=mm&r=g","caption":"Lucas"},"description":"Moi c'est Lucas, je suis un grand passionn\u00e9 de croisi\u00e8re. Aujourd'hui, je partage mes connaissances et mon exp\u00e9rience pour que vous puissiez \u00eatre inspir\u00e9 pour vos prochaines vacances sur un bateau de croisi\u00e8re. De la m\u00e9diterran\u00e9e jusqu'\u00e0 la banquise de Spitzberg, retrouvez mes nombreux conseils pour une croisi\u00e8re r\u00e9ussie."}]}},"_links":{"self":[{"href":"https:\/\/www.croisierenet.com\/blog-voyage\/wp-json\/wp\/v2\/posts\/5159"}],"collection":[{"href":"https:\/\/www.croisierenet.com\/blog-voyage\/wp-json\/wp\/v2\/posts"}],"about":[{"href":"https:\/\/www.croisierenet.com\/blog-voyage\/wp-json\/wp\/v2\/types\/post"}],"author":[{"embeddable":true,"href":"https:\/\/www.croisierenet.com\/blog-voyage\/wp-json\/wp\/v2\/users\/8"}],"replies":[{"embeddable":true,"href":"https:\/\/www.croisierenet.com\/blog-voyage\/wp-json\/wp\/v2\/comments?post=5159"}],"version-history":[{"count":2,"href":"https:\/\/www.croisierenet.com\/blog-voyage\/wp-json\/wp\/v2\/posts\/5159\/revisions"}],"predecessor-version":[{"id":17211,"href":"https:\/\/www.croisierenet.com\/blog-voyage\/wp-json\/wp\/v2\/posts\/5159\/revisions\/17211"}],"wp:featuredmedia":[{"embeddable":true,"href":"https:\/\/www.croisierenet.com\/blog-voyage\/wp-json\/wp\/v2\/media\/5252"}],"wp:attachment":[{"href":"https:\/\/www.croisierenet.com\/blog-voyage\/wp-json\/wp\/v2\/media?parent=5159"}],"wp:term":[{"taxonomy":"category","embeddable":true,"href":"https:\/\/www.croisierenet.com\/blog-voyage\/wp-json\/wp\/v2\/categories?post=5159"},{"taxonomy":"post_tag","embeddable":true,"href":"https:\/\/www.croisierenet.com\/blog-voyage\/wp-json\/wp\/v2\/tags?post=5159"}],"curies":[{"name":"wp","href":"https:\/\/api.w.org\/{rel}","templated":true}]}}