{"id":2282,"date":"2019-10-29T11:47:01","date_gmt":"2019-10-29T10:47:01","guid":{"rendered":"https:\/\/www.croisierenet.com\/blog-voyage\/?p=2282"},"modified":"2021-12-14T15:59:15","modified_gmt":"2021-12-14T14:59:15","slug":"le-costa-smeralda-accuse-un-nouveau-retard","status":"publish","type":"post","link":"https:\/\/www.croisierenet.com\/blog-voyage\/le-costa-smeralda-accuse-un-nouveau-retard\/","title":{"rendered":"Le Costa Smeralda accuse un nouveau retard"},"content":{"rendered":"\n<p><strong>Il y a quelques semaines,&nbsp;<a href=\"https:\/\/www.webcroisieres.com\/blog\/2019\/09\/16\/le-costa-smeralda-prend-du-retard-et-les-croisieres-inaugurales-sont-annulees\/\">nous vous avions parl\u00e9 du retard accus\u00e9<\/a>&nbsp;par la compagnie de croisi\u00e8res italiennes sur la sortie de son prochain navire : le <em>Costa Smeralda<\/em>. D\u00e9j\u00e0 retard\u00e9 d\u2019un mois, le navire ne commencera pas \u00e0 naviguer avant la fin d\u00e9cembre 2019.<\/strong><\/p>\n\n\n\n<p>La croisi\u00e8re inaugurale \u00e9tait originalement fix\u00e9e au&nbsp;<strong>3 novembre prochain.<\/strong>&nbsp;Nous apprenons aujourd&rsquo;hui qu&rsquo;elle ne se fera pas avant le 21 d\u00e9cembre prochain. Le g\u00e9ant de la croisi\u00e8re,&nbsp;<em><strong><a href=\"https:\/\/www.croisierenet.com\/comp_2\/croisiere\/croisieres\/costa-croisieres\/index.html\">Costa<\/a><\/strong><\/em>, devra finalement accuser non pas un, mais deux mois de retard pour le d\u00e9but de ses premi\u00e8res croisi\u00e8res. Selon un communiqu\u00e9 de presse fourni par l\u2019armateur le 29 octobre dernier, il y est indiqu\u00e9 que le chantier finlandais de Meyer Turku ne sera pas en mesure de respecter les d\u00e9lais n\u00e9cessaires pour la livraison du paquebot.<\/p>\n\n\n\n<p><em><strong>\u00ab\u00a0Malheureusement, les mesures prises par le chantier naval pour livrer le navire \u00e0 la mi-novembre n\u2019ont pas eu les r\u00e9sultats escompt\u00e9s<\/strong>. Le Costa Smeralda est un projet totalement nouveau et innovant qui implique \u00e0 la fois une technologie de pointe et la conception de chaque aspect individuel de l&rsquo;exp\u00e9rience \u00e0 bord. Avec son nouveau syst\u00e8me de propulsion GNL et de nombreux salons sophistiqu\u00e9s avec \u00e9quipement de sc\u00e8ne et audio \/ vid\u00e9o, la complexit\u00e9 et la sophistication du navire sont tr\u00e8s \u00e9lev\u00e9es.&nbsp;<strong>Outre ses caract\u00e9ristiques de conception uniques, son tonnage brut de plus de 180.000 tonneaux est \u00e9galement impressionnant et le Costa Smeralda est beaucoup plus grand que les navires r\u00e9cemment construits par le chantier naval de Turku. Afin de rendre tout cela possible, le chantier a besoin d\u2019un nouveau d\u00e9lai.<\/strong><\/em>\u00a0\u00bb A expliqu\u00e9&nbsp;<em>Costa Croisi\u00e8res<\/em>&nbsp;dans un communiqu\u00e9 de presse.<\/p>\n\n\n\n<h2>Un retard inexpliqu\u00e9 ? <\/h2>\n\n\n\n<div class=\"wp-block-image\"><figure class=\"aligncenter size-large\"><img width=\"1024\" height=\"538\" src=\"https:\/\/www.croisierenet.com\/blog-voyage\/wp-content\/uploads\/2020\/01\/Sans-titre-1-R\u00e9cup\u00e9r\u00e96-1024x538.jpg\" alt=\"Le Costa Smeralda disposera d'une d\u00e9coration fra\u00eechement r\u00e9nov\u00e9 et plus moderne\" class=\"wp-image-2409\" srcset=\"https:\/\/www.croisierenet.com\/blog-voyage\/wp-content\/uploads\/2020\/01\/Sans-titre-1-R\u00e9cup\u00e9r\u00e96-1024x538.jpg 1024w, https:\/\/www.croisierenet.com\/blog-voyage\/wp-content\/uploads\/2020\/01\/Sans-titre-1-R\u00e9cup\u00e9r\u00e96-300x158.jpg 300w, https:\/\/www.croisierenet.com\/blog-voyage\/wp-content\/uploads\/2020\/01\/Sans-titre-1-R\u00e9cup\u00e9r\u00e96-768x403.jpg 768w, https:\/\/www.croisierenet.com\/blog-voyage\/wp-content\/uploads\/2020\/01\/Sans-titre-1-R\u00e9cup\u00e9r\u00e96-810x425.jpg 810w, https:\/\/www.croisierenet.com\/blog-voyage\/wp-content\/uploads\/2020\/01\/Sans-titre-1-R\u00e9cup\u00e9r\u00e96-1140x599.jpg 1140w, https:\/\/www.croisierenet.com\/blog-voyage\/wp-content\/uploads\/2020\/01\/Sans-titre-1-R\u00e9cup\u00e9r\u00e96.jpg 1200w\" sizes=\"(max-width: 1024px) 100vw, 1024px\" \/><figcaption>\u00a9Costa<\/figcaption><\/figure><\/div>\n\n\n\n<p>La raison du retard se trouve peut-\u00eatre dans le manque de praticit\u00e9 des chantiers Turku qui, depuis pr\u00e8s d\u2019une dizaine d\u2019ann\u00e9es, n\u2019avait pas pu r\u00e9aliser des bateaux d\u2019une aussi grande taille. La derni\u00e8re commande datait de 2009 et 2010, lors de la livraison de l\u2019<em><strong>Oasis of the Seas<\/strong>\u00a0<\/em>et de l<em><strong>\u2019Allure of the Seas<\/strong><\/em>\u00a0(361 m\u00e8tres de long pour 225 000 GT) pour la compagnie am\u00e9ricaine\u00a0<a href=\"https:\/\/www.royalcaribbean.fr\/\">Royal Caribbean<\/a><a href=\"https:\/\/www.royalcaribbean.fr\/?gclid=CjwKCAjwxt_tBRAXEiwAENY8hUG_-xUIiA-FfysSIJUGDxzfpVytfc7TT6bCPoKS2sHMn1bfjWdHWhoCDSUQAvD_BwE\">.<\/a><\/p>\n\n\n\n<p>Apr\u00e8s avoir tourn\u00e9 au ralenti dans les ann\u00e9es qui&nbsp;ont suivi la livraison de l\u2019<em>Allure of the Seas<\/em>, le chantier de Meyer Turku a livr\u00e9 entre 2014 et 2017 plusieurs paquebots de plus petite taille (295 m\u00e8tres, 99.800 GT, 1260 cabines) pour la compagnie allemande TUI Cruises. Avant de repasser directement \u00e0 des navires g\u00e9ants extr\u00eamement complexes et dont la cadence de production est \u00e9lev\u00e9e : deux unit\u00e9s pour&nbsp;<em><strong>Costa<\/strong>&nbsp;<\/em>\u00e0 achever en 2019 et 2021<strong>&nbsp;ainsi que le projet au moins aussi ambitieux de la compagnie am\u00e9ricaine Royal Caribbean International<\/strong>&nbsp;avec quatre navires GNL de 200.000 GT (le projet Icon) que le chantier finlandais doit livrer \u00e0 partir de 2022.<\/p>\n\n\n\n<p>Pour rappel, le&nbsp;<em><strong>Costa Smeralda<\/strong>&nbsp;<\/em>c\u2019est pr\u00e8s de&nbsp;<strong>337 m\u00e8tres de long<\/strong>&nbsp;pour&nbsp;<strong>42 m\u00e8tres de large<\/strong>. Une barre de&nbsp;<strong>182 000 GT<\/strong>&nbsp;au compteur pour une capacit\u00e9 d\u2019accueil de 6 518 passagers \u00e0 son plein potentiel. En plus de sa taille gargantuesque, le dernier navire de Costa sera le premier paquebot de la flotte \u00e0 \u00eatre aliment\u00e9 au GNL (Gaz naturel Liquifi\u00e9).<\/p>\n\n\n\n<p>Lors de l\u2019annonce du premier retard, l\u2019armateur avait d\u00e9j\u00e0 annonc\u00e9 qu\u2019elle comptait soit rembourser, soit d\u00e9caler les premi\u00e8res r\u00e9servations. Si la compagnie ne s&rsquo;est pour l&rsquo;instant pas prononc\u00e9e, nul doute qu&rsquo;elle t\u00e2chera&nbsp;<strong>d&rsquo;indemniser au mieux ses passagers dans les meilleurs d\u00e9lais.<\/strong><\/p>\n","protected":false},"excerpt":{"rendered":"<p>Il y a quelques semaines,&nbsp;nous vous avions parl\u00e9 du retard accus\u00e9&nbsp;par la compagnie de croisi\u00e8res italiennes sur la sortie de son prochain navire : le Costa Smeralda. D\u00e9j\u00e0 retard\u00e9 d\u2019un mois, le navire ne commencera pas \u00e0 naviguer avant la fin d\u00e9cembre 2019. La croisi\u00e8re inaugurale \u00e9tait originalement fix\u00e9e au&nbsp;3 novembre prochain.&nbsp;Nous apprenons aujourd&rsquo;hui qu&rsquo;elle [&hellip;]<\/p>\n","protected":false},"author":8,"featured_media":2361,"comment_status":"open","ping_status":"open","sticky":false,"template":"","format":"standard","meta":[],"categories":[262],"tags":[311],"yoast_head":"<!-- This site is optimized with the Yoast SEO plugin v20.0 - https:\/\/yoast.com\/wordpress\/plugins\/seo\/ -->\n<title>Le Costa Smeralda accuse un nouveau retard - Blog de Croisierenet.com<\/title>\n<meta name=\"robots\" content=\"index, follow, max-snippet:-1, max-image-preview:large, max-video-preview:-1\" \/>\n<link rel=\"canonical\" href=\"https:\/\/www.croisierenet.com\/blog-voyage\/le-costa-smeralda-accuse-un-nouveau-retard\/\" \/>\n<meta property=\"og:locale\" content=\"fr_FR\" \/>\n<meta property=\"og:type\" content=\"article\" \/>\n<meta property=\"og:title\" content=\"Le Costa Smeralda accuse un nouveau retard - Blog de Croisierenet.com\" \/>\n<meta property=\"og:description\" content=\"Il y a quelques semaines,&nbsp;nous vous avions parl\u00e9 du retard accus\u00e9&nbsp;par la compagnie de croisi\u00e8res italiennes sur la sortie de son prochain navire : le Costa Smeralda. D\u00e9j\u00e0 retard\u00e9 d\u2019un mois, le navire ne commencera pas \u00e0 naviguer avant la fin d\u00e9cembre 2019. La croisi\u00e8re inaugurale \u00e9tait originalement fix\u00e9e au&nbsp;3 novembre prochain.&nbsp;Nous apprenons aujourd&rsquo;hui qu&rsquo;elle [&hellip;]\" \/>\n<meta property=\"og:url\" content=\"https:\/\/www.croisierenet.com\/blog-voyage\/le-costa-smeralda-accuse-un-nouveau-retard\/\" \/>\n<meta property=\"og:site_name\" content=\"Blog de Croisierenet.com\" \/>\n<meta property=\"article:published_time\" content=\"2019-10-29T10:47:01+00:00\" \/>\n<meta property=\"article:modified_time\" content=\"2021-12-14T14:59:15+00:00\" \/>\n<meta property=\"og:image\" content=\"https:\/\/www.croisierenet.com\/blog-voyage\/wp-content\/uploads\/2020\/01\/Sans-titre-1-R\u00e9cup\u00e9r\u00e95.jpg\" \/>\n\t<meta property=\"og:image:width\" content=\"1200\" \/>\n\t<meta property=\"og:image:height\" content=\"630\" \/>\n\t<meta property=\"og:image:type\" content=\"image\/jpeg\" \/>\n<meta name=\"author\" content=\"Lucas\" \/>\n<meta name=\"twitter:card\" content=\"summary_large_image\" \/>\n<meta name=\"twitter:site\" content=\"@pcorrenti\" \/>\n<meta name=\"twitter:label1\" content=\"\u00c9crit par\" \/>\n\t<meta name=\"twitter:data1\" content=\"Lucas\" \/>\n\t<meta name=\"twitter:label2\" content=\"Dur\u00e9e de lecture estim\u00e9e\" \/>\n\t<meta name=\"twitter:data2\" content=\"3 minutes\" \/>\n<script type=\"application\/ld+json\" class=\"yoast-schema-graph\">{\"@context\":\"https:\/\/schema.org\",\"@graph\":[{\"@type\":\"Article\",\"@id\":\"https:\/\/www.croisierenet.com\/blog-voyage\/le-costa-smeralda-accuse-un-nouveau-retard\/#article\",\"isPartOf\":{\"@id\":\"https:\/\/www.croisierenet.com\/blog-voyage\/le-costa-smeralda-accuse-un-nouveau-retard\/\"},\"author\":{\"name\":\"Lucas\",\"@id\":\"https:\/\/www.croisierenet.com\/blog-voyage\/#\/schema\/person\/8a289a048130d0e770a150675c1607b8\"},\"headline\":\"Le Costa Smeralda accuse un nouveau retard\",\"datePublished\":\"2019-10-29T10:47:01+00:00\",\"dateModified\":\"2021-12-14T14:59:15+00:00\",\"mainEntityOfPage\":{\"@id\":\"https:\/\/www.croisierenet.com\/blog-voyage\/le-costa-smeralda-accuse-un-nouveau-retard\/\"},\"wordCount\":614,\"commentCount\":0,\"publisher\":{\"@id\":\"https:\/\/www.croisierenet.com\/blog-voyage\/#\/schema\/person\/26d5b22c75f37a0bdf1785dd30d38725\"},\"keywords\":[\"compagnie costa croisieres\"],\"articleSection\":[\"Cap sur les actus\"],\"inLanguage\":\"fr-FR\",\"potentialAction\":[{\"@type\":\"CommentAction\",\"name\":\"Comment\",\"target\":[\"https:\/\/www.croisierenet.com\/blog-voyage\/le-costa-smeralda-accuse-un-nouveau-retard\/#respond\"]}]},{\"@type\":\"WebPage\",\"@id\":\"https:\/\/www.croisierenet.com\/blog-voyage\/le-costa-smeralda-accuse-un-nouveau-retard\/\",\"url\":\"https:\/\/www.croisierenet.com\/blog-voyage\/le-costa-smeralda-accuse-un-nouveau-retard\/\",\"name\":\"Le Costa Smeralda accuse un nouveau retard - Blog de Croisierenet.com\",\"isPartOf\":{\"@id\":\"https:\/\/www.croisierenet.com\/blog-voyage\/#website\"},\"datePublished\":\"2019-10-29T10:47:01+00:00\",\"dateModified\":\"2021-12-14T14:59:15+00:00\",\"breadcrumb\":{\"@id\":\"https:\/\/www.croisierenet.com\/blog-voyage\/le-costa-smeralda-accuse-un-nouveau-retard\/#breadcrumb\"},\"inLanguage\":\"fr-FR\",\"potentialAction\":[{\"@type\":\"ReadAction\",\"target\":[\"https:\/\/www.croisierenet.com\/blog-voyage\/le-costa-smeralda-accuse-un-nouveau-retard\/\"]}]},{\"@type\":\"BreadcrumbList\",\"@id\":\"https:\/\/www.croisierenet.com\/blog-voyage\/le-costa-smeralda-accuse-un-nouveau-retard\/#breadcrumb\",\"itemListElement\":[{\"@type\":\"ListItem\",\"position\":1,\"name\":\"Home\",\"item\":\"https:\/\/www.croisierenet.com\/blog-voyage\/\"},{\"@type\":\"ListItem\",\"position\":2,\"name\":\"Le Costa Smeralda accuse un nouveau retard\"}]},{\"@type\":\"WebSite\",\"@id\":\"https:\/\/www.croisierenet.com\/blog-voyage\/#website\",\"url\":\"https:\/\/www.croisierenet.com\/blog-voyage\/\",\"name\":\"Blog de Croisierenet.com\",\"description\":\"Tout savoir sur les croisi\u00e8res en 2023 - 2024\",\"publisher\":{\"@id\":\"https:\/\/www.croisierenet.com\/blog-voyage\/#\/schema\/person\/26d5b22c75f37a0bdf1785dd30d38725\"},\"potentialAction\":[{\"@type\":\"SearchAction\",\"target\":{\"@type\":\"EntryPoint\",\"urlTemplate\":\"https:\/\/www.croisierenet.com\/blog-voyage\/?s={search_term_string}\"},\"query-input\":\"required name=search_term_string\"}],\"inLanguage\":\"fr-FR\"},{\"@type\":[\"Person\",\"Organization\"],\"@id\":\"https:\/\/www.croisierenet.com\/blog-voyage\/#\/schema\/person\/26d5b22c75f37a0bdf1785dd30d38725\",\"name\":\"Prescilia Correnti\",\"image\":{\"@type\":\"ImageObject\",\"inLanguage\":\"fr-FR\",\"@id\":\"https:\/\/www.croisierenet.com\/blog-voyage\/#\/schema\/person\/image\/\",\"url\":\"https:\/\/www.croisierenet.com\/blog-voyage\/wp-content\/uploads\/2020\/01\/8cb7cf684a4e4dcf9af3005f8c572fda.jpeg\",\"contentUrl\":\"https:\/\/www.croisierenet.com\/blog-voyage\/wp-content\/uploads\/2020\/01\/8cb7cf684a4e4dcf9af3005f8c572fda.jpeg\",\"width\":150,\"height\":150,\"caption\":\"Prescilia Correnti\"},\"logo\":{\"@id\":\"https:\/\/www.croisierenet.com\/blog-voyage\/#\/schema\/person\/image\/\"},\"sameAs\":[\"https:\/\/twitter.com\/pcorrenti\"]},{\"@type\":\"Person\",\"@id\":\"https:\/\/www.croisierenet.com\/blog-voyage\/#\/schema\/person\/8a289a048130d0e770a150675c1607b8\",\"name\":\"Lucas\",\"image\":{\"@type\":\"ImageObject\",\"inLanguage\":\"fr-FR\",\"@id\":\"https:\/\/www.croisierenet.com\/blog-voyage\/#\/schema\/person\/image\/\",\"url\":\"https:\/\/secure.gravatar.com\/avatar\/d2374491524146832ab565bd508f29a7?s=96&d=mm&r=g\",\"contentUrl\":\"https:\/\/secure.gravatar.com\/avatar\/d2374491524146832ab565bd508f29a7?s=96&d=mm&r=g\",\"caption\":\"Lucas\"},\"description\":\"Moi c'est Lucas, je suis un grand passionn\u00e9 de croisi\u00e8re. Aujourd'hui, je partage mes connaissances et mon exp\u00e9rience pour que vous puissiez \u00eatre inspir\u00e9 pour vos prochaines vacances sur un bateau de croisi\u00e8re. De la m\u00e9diterran\u00e9e jusqu'\u00e0 la banquise de Spitzberg, retrouvez mes nombreux conseils pour une croisi\u00e8re r\u00e9ussie.\"}]}<\/script>\n<!-- \/ Yoast SEO plugin. -->","yoast_head_json":{"title":"Le Costa Smeralda accuse un nouveau retard - Blog de Croisierenet.com","robots":{"index":"index","follow":"follow","max-snippet":"max-snippet:-1","max-image-preview":"max-image-preview:large","max-video-preview":"max-video-preview:-1"},"canonical":"https:\/\/www.croisierenet.com\/blog-voyage\/le-costa-smeralda-accuse-un-nouveau-retard\/","og_locale":"fr_FR","og_type":"article","og_title":"Le Costa Smeralda accuse un nouveau retard - Blog de Croisierenet.com","og_description":"Il y a quelques semaines,&nbsp;nous vous avions parl\u00e9 du retard accus\u00e9&nbsp;par la compagnie de croisi\u00e8res italiennes sur la sortie de son prochain navire : le Costa Smeralda. D\u00e9j\u00e0 retard\u00e9 d\u2019un mois, le navire ne commencera pas \u00e0 naviguer avant la fin d\u00e9cembre 2019. La croisi\u00e8re inaugurale \u00e9tait originalement fix\u00e9e au&nbsp;3 novembre prochain.&nbsp;Nous apprenons aujourd&rsquo;hui qu&rsquo;elle [&hellip;]","og_url":"https:\/\/www.croisierenet.com\/blog-voyage\/le-costa-smeralda-accuse-un-nouveau-retard\/","og_site_name":"Blog de Croisierenet.com","article_published_time":"2019-10-29T10:47:01+00:00","article_modified_time":"2021-12-14T14:59:15+00:00","og_image":[{"width":1200,"height":630,"url":"https:\/\/www.croisierenet.com\/blog-voyage\/wp-content\/uploads\/2020\/01\/Sans-titre-1-R\u00e9cup\u00e9r\u00e95.jpg","type":"image\/jpeg"}],"author":"Lucas","twitter_card":"summary_large_image","twitter_site":"@pcorrenti","twitter_misc":{"\u00c9crit par":"Lucas","Dur\u00e9e de lecture estim\u00e9e":"3 minutes"},"schema":{"@context":"https:\/\/schema.org","@graph":[{"@type":"Article","@id":"https:\/\/www.croisierenet.com\/blog-voyage\/le-costa-smeralda-accuse-un-nouveau-retard\/#article","isPartOf":{"@id":"https:\/\/www.croisierenet.com\/blog-voyage\/le-costa-smeralda-accuse-un-nouveau-retard\/"},"author":{"name":"Lucas","@id":"https:\/\/www.croisierenet.com\/blog-voyage\/#\/schema\/person\/8a289a048130d0e770a150675c1607b8"},"headline":"Le Costa Smeralda accuse un nouveau retard","datePublished":"2019-10-29T10:47:01+00:00","dateModified":"2021-12-14T14:59:15+00:00","mainEntityOfPage":{"@id":"https:\/\/www.croisierenet.com\/blog-voyage\/le-costa-smeralda-accuse-un-nouveau-retard\/"},"wordCount":614,"commentCount":0,"publisher":{"@id":"https:\/\/www.croisierenet.com\/blog-voyage\/#\/schema\/person\/26d5b22c75f37a0bdf1785dd30d38725"},"keywords":["compagnie costa croisieres"],"articleSection":["Cap sur les actus"],"inLanguage":"fr-FR","potentialAction":[{"@type":"CommentAction","name":"Comment","target":["https:\/\/www.croisierenet.com\/blog-voyage\/le-costa-smeralda-accuse-un-nouveau-retard\/#respond"]}]},{"@type":"WebPage","@id":"https:\/\/www.croisierenet.com\/blog-voyage\/le-costa-smeralda-accuse-un-nouveau-retard\/","url":"https:\/\/www.croisierenet.com\/blog-voyage\/le-costa-smeralda-accuse-un-nouveau-retard\/","name":"Le Costa Smeralda accuse un nouveau retard - Blog de Croisierenet.com","isPartOf":{"@id":"https:\/\/www.croisierenet.com\/blog-voyage\/#website"},"datePublished":"2019-10-29T10:47:01+00:00","dateModified":"2021-12-14T14:59:15+00:00","breadcrumb":{"@id":"https:\/\/www.croisierenet.com\/blog-voyage\/le-costa-smeralda-accuse-un-nouveau-retard\/#breadcrumb"},"inLanguage":"fr-FR","potentialAction":[{"@type":"ReadAction","target":["https:\/\/www.croisierenet.com\/blog-voyage\/le-costa-smeralda-accuse-un-nouveau-retard\/"]}]},{"@type":"BreadcrumbList","@id":"https:\/\/www.croisierenet.com\/blog-voyage\/le-costa-smeralda-accuse-un-nouveau-retard\/#breadcrumb","itemListElement":[{"@type":"ListItem","position":1,"name":"Home","item":"https:\/\/www.croisierenet.com\/blog-voyage\/"},{"@type":"ListItem","position":2,"name":"Le Costa Smeralda accuse un nouveau retard"}]},{"@type":"WebSite","@id":"https:\/\/www.croisierenet.com\/blog-voyage\/#website","url":"https:\/\/www.croisierenet.com\/blog-voyage\/","name":"Blog de Croisierenet.com","description":"Tout savoir sur les croisi\u00e8res en 2023 - 2024","publisher":{"@id":"https:\/\/www.croisierenet.com\/blog-voyage\/#\/schema\/person\/26d5b22c75f37a0bdf1785dd30d38725"},"potentialAction":[{"@type":"SearchAction","target":{"@type":"EntryPoint","urlTemplate":"https:\/\/www.croisierenet.com\/blog-voyage\/?s={search_term_string}"},"query-input":"required name=search_term_string"}],"inLanguage":"fr-FR"},{"@type":["Person","Organization"],"@id":"https:\/\/www.croisierenet.com\/blog-voyage\/#\/schema\/person\/26d5b22c75f37a0bdf1785dd30d38725","name":"Prescilia Correnti","image":{"@type":"ImageObject","inLanguage":"fr-FR","@id":"https:\/\/www.croisierenet.com\/blog-voyage\/#\/schema\/person\/image\/","url":"https:\/\/www.croisierenet.com\/blog-voyage\/wp-content\/uploads\/2020\/01\/8cb7cf684a4e4dcf9af3005f8c572fda.jpeg","contentUrl":"https:\/\/www.croisierenet.com\/blog-voyage\/wp-content\/uploads\/2020\/01\/8cb7cf684a4e4dcf9af3005f8c572fda.jpeg","width":150,"height":150,"caption":"Prescilia Correnti"},"logo":{"@id":"https:\/\/www.croisierenet.com\/blog-voyage\/#\/schema\/person\/image\/"},"sameAs":["https:\/\/twitter.com\/pcorrenti"]},{"@type":"Person","@id":"https:\/\/www.croisierenet.com\/blog-voyage\/#\/schema\/person\/8a289a048130d0e770a150675c1607b8","name":"Lucas","image":{"@type":"ImageObject","inLanguage":"fr-FR","@id":"https:\/\/www.croisierenet.com\/blog-voyage\/#\/schema\/person\/image\/","url":"https:\/\/secure.gravatar.com\/avatar\/d2374491524146832ab565bd508f29a7?s=96&d=mm&r=g","contentUrl":"https:\/\/secure.gravatar.com\/avatar\/d2374491524146832ab565bd508f29a7?s=96&d=mm&r=g","caption":"Lucas"},"description":"Moi c'est Lucas, je suis un grand passionn\u00e9 de croisi\u00e8re. Aujourd'hui, je partage mes connaissances et mon exp\u00e9rience pour que vous puissiez \u00eatre inspir\u00e9 pour vos prochaines vacances sur un bateau de croisi\u00e8re. De la m\u00e9diterran\u00e9e jusqu'\u00e0 la banquise de Spitzberg, retrouvez mes nombreux conseils pour une croisi\u00e8re r\u00e9ussie."}]}},"_links":{"self":[{"href":"https:\/\/www.croisierenet.com\/blog-voyage\/wp-json\/wp\/v2\/posts\/2282"}],"collection":[{"href":"https:\/\/www.croisierenet.com\/blog-voyage\/wp-json\/wp\/v2\/posts"}],"about":[{"href":"https:\/\/www.croisierenet.com\/blog-voyage\/wp-json\/wp\/v2\/types\/post"}],"author":[{"embeddable":true,"href":"https:\/\/www.croisierenet.com\/blog-voyage\/wp-json\/wp\/v2\/users\/8"}],"replies":[{"embeddable":true,"href":"https:\/\/www.croisierenet.com\/blog-voyage\/wp-json\/wp\/v2\/comments?post=2282"}],"version-history":[{"count":2,"href":"https:\/\/www.croisierenet.com\/blog-voyage\/wp-json\/wp\/v2\/posts\/2282\/revisions"}],"predecessor-version":[{"id":4032,"href":"https:\/\/www.croisierenet.com\/blog-voyage\/wp-json\/wp\/v2\/posts\/2282\/revisions\/4032"}],"wp:featuredmedia":[{"embeddable":true,"href":"https:\/\/www.croisierenet.com\/blog-voyage\/wp-json\/wp\/v2\/media\/2361"}],"wp:attachment":[{"href":"https:\/\/www.croisierenet.com\/blog-voyage\/wp-json\/wp\/v2\/media?parent=2282"}],"wp:term":[{"taxonomy":"category","embeddable":true,"href":"https:\/\/www.croisierenet.com\/blog-voyage\/wp-json\/wp\/v2\/categories?post=2282"},{"taxonomy":"post_tag","embeddable":true,"href":"https:\/\/www.croisierenet.com\/blog-voyage\/wp-json\/wp\/v2\/tags?post=2282"}],"curies":[{"name":"wp","href":"https:\/\/api.w.org\/{rel}","templated":true}]}}